{"id":326,"date":"2019-07-01T18:15:21","date_gmt":"2019-07-01T16:15:21","guid":{"rendered":"http:\/\/frasamusiclive.com\/?p=326"},"modified":"2019-07-01T18:41:11","modified_gmt":"2019-07-01T16:41:11","slug":"spectacle-de-fin-dannee","status":"publish","type":"post","link":"https:\/\/frasamusiclive.com\/index.php\/2019\/07\/01\/spectacle-de-fin-dannee\/","title":{"rendered":"Spectacle de fin d&rsquo;ann\u00e9e"},"content":{"rendered":"\n<p>L&rsquo;heure des vacances approche, et avec elle le spectacle de fin d&rsquo;ann\u00e9e de FRASA MUSIC LIVE !!!<\/p>\n\n\n\n<p>Les \u00e9l\u00e8ves et les professeurs vous attendent nombreux le samedi 6 juillet 2019 \u00e0 partir de 15h30 \u00e0 la salle des f\u00eates de TRIE-LA-VILLE pour une repr\u00e9sentation unique pleine de joie, d&rsquo;\u00e9motion et de partage de la musique.<\/p>\n\n\n\n<p>Vente boissons et g\u00e2teaux sur place.<\/p>\n\n\n\n<figure class=\"wp-block-image\"><img loading=\"lazy\" decoding=\"async\" width=\"695\" height=\"900\" src=\"http:\/\/frasamusiclive.com\/wp-content\/uploads\/2019\/07\/Spectacle-060719-avec-logo-CCVT.png\" alt=\"\" class=\"wp-image-327\" srcset=\"https:\/\/frasamusiclive.com\/wp-content\/uploads\/2019\/07\/Spectacle-060719-avec-logo-CCVT.png 695w, https:\/\/frasamusiclive.com\/wp-content\/uploads\/2019\/07\/Spectacle-060719-avec-logo-CCVT-232x300.png 232w, https:\/\/frasamusiclive.com\/wp-content\/uploads\/2019\/07\/Spectacle-060719-avec-logo-CCVT-600x777.png 600w\" sizes=\"auto, (max-width: 695px) 100vw, 695px\" \/><\/figure>\n\n\n\n<p> <\/p>\n","protected":false},"excerpt":{"rendered":"<p>L&rsquo;heure des vacances approche, et avec elle le spectacle de fin d&rsquo;ann\u00e9e de FRASA MUSIC LIVE !!! Les \u00e9l\u00e8ves et les professeurs vous attendent nombreux le samedi 6 juillet 2019 \u00e0 partir de 15h30 \u00e0 la salle des f\u00eates de TRIE-LA-VILLE pour une repr\u00e9sentation unique <span class=\"read-more\"><a class=\"more-link btn btn-transparent\" href=\"https:\/\/frasamusiclive.com\/index.php\/2019\/07\/01\/spectacle-de-fin-dannee\/\">Read More &#8230;<\/a><\/span><\/p>\n","protected":false},"author":3,"featured_media":0,"comment_status":"open","ping_status":"open","sticky":false,"template":"","format":"standard","meta":{"jetpack_post_was_ever_published":false,"_jetpack_newsletter_access":"","_jetpack_dont_email_post_to_subs":false,"_jetpack_newsletter_tier_id":0,"_jetpack_memberships_contains_paywalled_content":false,"_jetpack_memberships_contains_paid_content":false,"footnotes":"","jetpack_publicize_message":"","jetpack_publicize_feature_enabled":true,"jetpack_social_post_already_shared":true,"jetpack_social_options":{"image_generator_settings":{"template":"highway","default_image_id":0,"font":"","enabled":false},"version":2}},"categories":[2],"tags":[],"class_list":["post-326","post","type-post","status-publish","format-standard","hentry","category-actualites"],"jetpack_publicize_connections":[],"jetpack_featured_media_url":"","jetpack_sharing_enabled":true,"jetpack_shortlink":"https:\/\/wp.me\/p8aWDc-5g","_links":{"self":[{"href":"https:\/\/frasamusiclive.com\/index.php\/wp-json\/wp\/v2\/posts\/326","targetHints":{"allow":["GET"]}}],"collection":[{"href":"https:\/\/frasamusiclive.com\/index.php\/wp-json\/wp\/v2\/posts"}],"about":[{"href":"https:\/\/frasamusiclive.com\/index.php\/wp-json\/wp\/v2\/types\/post"}],"author":[{"embeddable":true,"href":"https:\/\/frasamusiclive.com\/index.php\/wp-json\/wp\/v2\/users\/3"}],"replies":[{"embeddable":true,"href":"https:\/\/frasamusiclive.com\/index.php\/wp-json\/wp\/v2\/comments?post=326"}],"version-history":[{"count":1,"href":"https:\/\/frasamusiclive.com\/index.php\/wp-json\/wp\/v2\/posts\/326\/revisions"}],"predecessor-version":[{"id":328,"href":"https:\/\/frasamusiclive.com\/index.php\/wp-json\/wp\/v2\/posts\/326\/revisions\/328"}],"wp:attachment":[{"href":"https:\/\/frasamusiclive.com\/index.php\/wp-json\/wp\/v2\/media?parent=326"}],"wp:term":[{"taxonomy":"category","embeddable":true,"href":"https:\/\/frasamusiclive.com\/index.php\/wp-json\/wp\/v2\/categories?post=326"},{"taxonomy":"post_tag","embeddable":true,"href":"https:\/\/frasamusiclive.com\/index.php\/wp-json\/wp\/v2\/tags?post=326"}],"curies":[{"name":"wp","href":"https:\/\/api.w.org\/{rel}","templated":true}]}}